{"id":2466,"date":"2025-03-21T15:43:05","date_gmt":"2025-03-21T07:43:05","guid":{"rendered":"https:\/\/www.pvdstainlesssteel.com\/?p=2466"},"modified":"2025-03-21T15:43:05","modified_gmt":"2025-03-21T07:43:05","slug":"stainless-steel-metal-ceilings","status":"publish","type":"post","link":"https:\/\/www.pvdstainlesssteel.com\/hu\/stainless-steel-metal-ceilings\/","title":{"rendered":"A rozsdamentes ac\u00e9l f\u00e9m mennyezetek tart\u00f3ss\u00e1ga \u00e9s karbantart\u00e1sa"},"content":{"rendered":"<h2 data-start=\"76\" data-end=\"102\">Rozsdamentes ac\u00e9l f\u00e9m mennyezetek<\/h2>\n<p>&nbsp;<\/p>\n<p data-start=\"103\" data-end=\"433\">A rozsdamentes ac\u00e9l mennyezetek egyre n\u00e9pszer\u0171bbek a lak\u00f3- \u00e9s kereskedelmi terekben modern eszt\u00e9tikumuk, kiv\u00e1l\u00f3 tart\u00f3ss\u00e1guk \u00e9s minim\u00e1lis karbantart\u00e1si ig\u00e9ny\u00fck miatt. Ezek a mennyezetek p\u00e1ratlan szil\u00e1rds\u00e1got \u00e9s rugalmass\u00e1got k\u00edn\u00e1lnak, ak\u00e1r irodah\u00e1zakban, konyh\u00e1kban, k\u00f3rh\u00e1zakban vagy ipari helyis\u00e9gekben haszn\u00e1lj\u00e1k.<\/p>\n<p data-start=\"103\" data-end=\"433\">\n<p data-start=\"435\" data-end=\"714\">Ez a cikk a rozsdamentes ac\u00e9l f\u00e9m mennyezetek tart\u00f3ss\u00e1g\u00e1t vizsg\u00e1lja, bele\u00e9rtve a k\u00f6rnyezeti t\u00e9nyez\u0151kkel szembeni ellen\u00e1ll\u00e1sukat, a fenntarthat\u00f3s\u00e1got \u00e9s a hossz\u00fa \u00e9lettartamot. Ezenk\u00edv\u00fcl megvitatjuk azokat a hat\u00e9kony karbantart\u00e1si technik\u00e1kat, amelyek biztos\u00edtj\u00e1k azok tart\u00f3s megjelen\u00e9s\u00e9t \u00e9s funkcionalit\u00e1s\u00e1t.<\/p>\n<h4 data-start=\"723\" data-end=\"786\"><img fetchpriority=\"high\" decoding=\"async\" class=\"wp-image-2467 size-full aligncenter\" src=\"https:\/\/www.pvdstainlesssteel.com\/wp-content\/uploads\/2025\/03\/IMG_0070.jpg\" alt=\"Rozsdamentes ac\u00e9l f\u00e9m mennyezetek\" width=\"800\" height=\"321\" srcset=\"https:\/\/www.pvdstainlesssteel.com\/wp-content\/uploads\/2025\/03\/IMG_0070.jpg 800w, https:\/\/www.pvdstainlesssteel.com\/wp-content\/uploads\/2025\/03\/IMG_0070-300x120.jpg 300w, https:\/\/www.pvdstainlesssteel.com\/wp-content\/uploads\/2025\/03\/IMG_0070-768x308.jpg 768w, https:\/\/www.pvdstainlesssteel.com\/wp-content\/uploads\/2025\/03\/IMG_0070-18x7.jpg 18w\" sizes=\"(max-width: 800px) 100vw, 800px\" \/><\/h4>\n<p>&nbsp;<\/p>\n<h2 data-start=\"723\" data-end=\"786\"><strong data-start=\"728\" data-end=\"784\">A rozsdamentes ac\u00e9l f\u00e9m mennyezetek tart\u00f3ss\u00e1ga<\/strong><\/h2>\n<p>&nbsp;<\/p>\n<h3 data-start=\"788\" data-end=\"834\"><strong data-start=\"794\" data-end=\"832\">Anyager\u0151ss\u00e9g \u00e9s hossz\u00fa \u00e9lettartam<\/strong><\/h3>\n<p>&nbsp;<\/p>\n<p data-start=\"835\" data-end=\"1103\">A rozsdamentes f\u00e9m mennyezetek egyik els\u0151dleges el\u0151nye a rendk\u00edv\u00fcli tart\u00f3ss\u00e1g. Ellent\u00e9tben a hagyom\u00e1nyos mennyezeti anyagokkal, mint p\u00e9ld\u00e1ul a vakolat vagy a fa, a rozsdamentes ac\u00e9l term\u00e9szet\u00e9n\u00e9l fogva ellen\u00e1ll a fizikai hat\u00e1sok, a nedvess\u00e9g \u00e9s az extr\u00e9m h\u0151m\u00e9rs\u00e9kletek okozta s\u00e9r\u00fcl\u00e9seknek.<\/p>\n<p data-start=\"835\" data-end=\"1103\">\n<ul data-start=\"1105\" data-end=\"1550\">\n<li data-start=\"1105\" data-end=\"1348\"><strong data-start=\"1107\" data-end=\"1141\">Korr\u00f3zi\u00f3- \u00e9s rozsda\u00e1ll\u00f3s\u00e1g:<\/strong> A rozsdamentes ac\u00e9l kr\u00f3mot tartalmaz, amely v\u00e9d\u0151 oxidr\u00e9teget k\u00e9pez, amely megakad\u00e1lyozza a rozsd\u00e1t \u00e9s a korr\u00f3zi\u00f3t, \u00edgy ide\u00e1lis p\u00e1r\u00e1s k\u00f6rnyezetben, p\u00e9ld\u00e1ul kereskedelmi konyh\u00e1kban, f\u00fcrd\u0151szob\u00e1kban \u00e9s \u00fasz\u00f3medenc\u00e9kben.<\/li>\n<li data-start=\"1349\" data-end=\"1550\"><strong data-start=\"1351\" data-end=\"1369\">Hossz\u00fa \u00e9lettartam:<\/strong> A j\u00f3l karbantartott rozsdamentes ac\u00e9l mennyezet \u00e9vtizedekig kitart an\u00e9lk\u00fcl, hogy elvesz\u00edten\u00e9 erej\u00e9t vagy eszt\u00e9tikai vonzerej\u00e9t. Ez a hossz\u00fa \u00e9lettartam hossz\u00fa t\u00e1von k\u00f6lts\u00e9ghat\u00e9kony megold\u00e1ss\u00e1 teszi.<\/li>\n<\/ul>\n<h5 data-start=\"1552\" data-end=\"1597\"><\/h5>\n<h3 data-start=\"1552\" data-end=\"1597\"><strong data-start=\"1558\" data-end=\"1595\">Ellen\u00e1ll\u00e1s a k\u00fcls\u0151 t\u00e9nyez\u0151kkel szemben<\/strong><\/h3>\n<p>&nbsp;<\/p>\n<p data-start=\"1598\" data-end=\"1739\">A rozsdamentes ac\u00e9l mennyezetek kiv\u00e1l\u00f3an ellen\u00e1llnak a k\u00fcl\u00f6nf\u00e9le k\u00f6rnyezeti kih\u00edv\u00e1soknak, biztos\u00edtva megb\u00edzhat\u00f3s\u00e1gukat neh\u00e9z k\u00f6r\u00fclm\u00e9nyek k\u00f6z\u00f6tt is.<\/p>\n<p data-start=\"1598\" data-end=\"1739\">\n<ul data-start=\"1741\" data-end=\"2366\">\n<li data-start=\"1741\" data-end=\"1951\"><strong data-start=\"1743\" data-end=\"1780\">Nedvess\u00e9g- \u00e9s nedvess\u00e9g\u00e1ll\u00f3s\u00e1g:<\/strong> A f\u00e1val vagy a gipszkartonnal ellent\u00e9tben a rozsdamentes ac\u00e9l nem sz\u00edvja fel a vizet, \u00edgy megakad\u00e1lyozza a pen\u00e9szk\u00e9pz\u0151d\u00e9st \u00e9s a vetemed\u00e9st. Emiatt el\u0151ny\u00f6s v\u00e1laszt\u00e1s a magas p\u00e1ratartalm\u00fa ter\u00fcleteken.<\/li>\n<li data-start=\"1952\" data-end=\"2148\"><strong data-start=\"1954\" data-end=\"1974\">T\u0171z\u00e1ll\u00f3s\u00e1g:<\/strong> A rozsdamentes ac\u00e9l magas olvad\u00e1spont\u00fa \u00e9s nem j\u00e1rul hozz\u00e1 a t\u0171z terjed\u00e9s\u00e9hez, \u00edgy kiv\u00e1l\u00f3 v\u00e1laszt\u00e1s a szigor\u00fa t\u0171zbiztons\u00e1gi el\u0151\u00edr\u00e1sokat ig\u00e9nyl\u0151 \u00e9p\u00fcletekhez.<\/li>\n<li data-start=\"2149\" data-end=\"2366\"><strong data-start=\"2151\" data-end=\"2173\">\u00dct\u00e9s\u00e1ll\u00f3s\u00e1g:<\/strong> A nagy forgalm\u00fa ter\u00fcleteken, p\u00e9ld\u00e1ul rep\u00fcl\u0151tereken, k\u00f3rh\u00e1zakban \u00e9s gy\u00e1rakban a rozsdamentes ac\u00e9l mennyezet reped\u00e9s vagy horpad\u00e1s n\u00e9lk\u00fcl ellen\u00e1ll a v\u00e9letlen behat\u00e1soknak, ellent\u00e9tben a hagyom\u00e1nyos mennyezeti anyagokkal.<\/li>\n<\/ul>\n<p>&nbsp;<\/p>\n<h3 data-start=\"2368\" data-end=\"2424\"><strong data-start=\"2374\" data-end=\"2422\">Fenntarthat\u00f3s\u00e1g \u00e9s k\u00f6rnyezeti el\u0151ny\u00f6k<\/strong><\/h3>\n<p>&nbsp;<\/p>\n<p data-start=\"2425\" data-end=\"2557\">A rozsdamentes ac\u00e9l er\u0151ss\u00e9ge mellett k\u00f6rnyezetbar\u00e1t anyag, amely t\u00e1mogatja a fenntarthat\u00f3 \u00e9p\u00edt\u00e9si gyakorlatot.<\/p>\n<p data-start=\"2425\" data-end=\"2557\">\n<ul data-start=\"2559\" data-end=\"3112\">\n<li data-start=\"2559\" data-end=\"2712\"><strong data-start=\"2561\" data-end=\"2581\">100% \u00fajrahasznos\u00edthat\u00f3:<\/strong> A rozsdamentes ac\u00e9l \u00e9lettartama v\u00e9g\u00e9n teljes m\u00e9rt\u00e9kben \u00fajrahasznos\u00edthat\u00f3, cs\u00f6kkentve ezzel a k\u00f6rnyezeti hullad\u00e9kot \u00e9s el\u0151seg\u00edtve a k\u00f6rforg\u00e1sos gazdas\u00e1got.<\/li>\n<li data-start=\"2713\" data-end=\"2892\"><strong data-start=\"2715\" data-end=\"2737\">Energiahat\u00e9konys\u00e1g:<\/strong> F\u00e9nyvisszaver\u0151 fel\u00fclet\u00e9nek k\u00f6sz\u00f6nhet\u0151en a rozsdamentes ac\u00e9l mennyezet jav\u00edthatja a term\u00e9szetes \u00e9s mesters\u00e9ges megvil\u00e1g\u00edt\u00e1st, cs\u00f6kkentve a t\u00falzott energiafogyaszt\u00e1s sz\u00fcks\u00e9gess\u00e9g\u00e9t.<\/li>\n<li data-start=\"2893\" data-end=\"3112\"><strong data-start=\"2895\" data-end=\"2922\">Hossz\u00fa t\u00e1v\u00fa k\u00f6lts\u00e9gmegtakar\u00edt\u00e1s:<\/strong> M\u00edg a rozsdamentes ac\u00e9l mennyezetek kezdeti k\u00f6lts\u00e9ge magasabb lehet, mint a hagyom\u00e1nyos anyagok\u00e9, hossz\u00fa \u00e9lettartamuk \u00e9s alacsony karbantart\u00e1si ig\u00e9ny\u00fck id\u0151vel jelent\u0151s k\u00f6lts\u00e9gmegtakar\u00edt\u00e1st eredm\u00e9nyez.<\/li>\n<\/ul>\n<p><img decoding=\"async\" class=\"wp-image-2366 size-full aligncenter\" src=\"https:\/\/www.pvdstainlesssteel.com\/wp-content\/uploads\/2025\/03\/Stainless-Steel-Coffered-Ceiling-2.jpg\" alt=\"Rozsdamentes ac\u00e9l kazett\u00e1s mennyezet (2)\" width=\"960\" height=\"360\" srcset=\"https:\/\/www.pvdstainlesssteel.com\/wp-content\/uploads\/2025\/03\/Stainless-Steel-Coffered-Ceiling-2.jpg 960w, https:\/\/www.pvdstainlesssteel.com\/wp-content\/uploads\/2025\/03\/Stainless-Steel-Coffered-Ceiling-2-300x113.jpg 300w, https:\/\/www.pvdstainlesssteel.com\/wp-content\/uploads\/2025\/03\/Stainless-Steel-Coffered-Ceiling-2-768x288.jpg 768w, https:\/\/www.pvdstainlesssteel.com\/wp-content\/uploads\/2025\/03\/Stainless-Steel-Coffered-Ceiling-2-18x7.jpg 18w\" sizes=\"(max-width: 960px) 100vw, 960px\" \/><\/p>\n<h4 data-start=\"3121\" data-end=\"3182\"><\/h4>\n<h2 data-start=\"3121\" data-end=\"3182\"><strong data-start=\"3126\" data-end=\"3180\">Rozsdamentes f\u00e9m mennyezetek karbantart\u00e1sa<\/strong><\/h2>\n<p>&nbsp;<\/p>\n<h2 data-start=\"3184\" data-end=\"3226\"><strong data-start=\"3190\" data-end=\"3224\">Rendszeres takar\u00edt\u00e1s \u00e9s karbantart\u00e1s<\/strong><\/h2>\n<p>&nbsp;<\/p>\n<p data-start=\"3227\" data-end=\"3430\">Az egyik ok, ami\u00e9rt a rozsdamentes ac\u00e9l mennyezeteket kedvelik kereskedelmi \u00e9s ipari k\u00f6rnyezetben, a k\u00f6nny\u0171 karbantart\u00e1suk. Egy egyszer\u0171 rutintiszt\u00edt\u00e1ssal meg\u0151rizheti a f\u00e9nyes \u00e9s \u00faj megjelen\u00e9st.<\/p>\n<p data-start=\"3227\" data-end=\"3430\">\n<ul data-start=\"3432\" data-end=\"3951\">\n<li data-start=\"3432\" data-end=\"3614\"><strong data-start=\"3434\" data-end=\"3457\">Tiszt\u00edt\u00e1si gyakoris\u00e1g:<\/strong> Lakoss\u00e1gi k\u00f6rnyezetben elegend\u0151 lehet a havi egyszeri takar\u00edt\u00e1s, m\u00edg a nagy ig\u00e9nybev\u00e9telt jelent\u0151 ter\u00fcletek, p\u00e9ld\u00e1ul a kereskedelmi konyh\u00e1k heti vagy ak\u00e1r napi takar\u00edt\u00e1st ig\u00e9nyelhetnek.<\/li>\n<li data-start=\"3615\" data-end=\"3782\"><strong data-start=\"3617\" data-end=\"3644\">A legjobb tiszt\u00edt\u00f3szerek:<\/strong> Haszn\u00e1ljon enyhe tiszt\u00edt\u00f3szereket, meleg vizet \u00e9s mikrosz\u00e1las kend\u0151t a por \u00e9s szennyez\u0151d\u00e9s elt\u00e1vol\u00edt\u00e1s\u00e1hoz. Ker\u00fclje a s\u00farol\u00f3 hat\u00e1s\u00fa tiszt\u00edt\u00f3szereket, amelyek megkarcolhatj\u00e1k a fel\u00fcletet.<\/li>\n<li data-start=\"3783\" data-end=\"3951\"><strong data-start=\"3785\" data-end=\"3825\">A foltok \u00e9s ujjlenyomatok megel\u0151z\u00e9se:<\/strong> A rozsdamentes ac\u00e9l tiszt\u00edt\u00f3szerek vagy h\u00edg\u00edtott ecetes oldat haszn\u00e1lata seg\u00edthet elt\u00e1vol\u00edtani az ujjlenyomatokat \u00e9s meg\u0151rizni a cs\u00edkmentes f\u00e9nyt.<\/li>\n<\/ul>\n<h5 data-start=\"3953\" data-end=\"4016\"><\/h5>\n<h3 data-start=\"3953\" data-end=\"4016\"><strong data-start=\"3959\" data-end=\"4014\">Foltok, karcol\u00e1sok \u00e9s egy\u00e9b probl\u00e9m\u00e1k kezel\u00e9se<\/strong><\/h3>\n<p>&nbsp;<\/p>\n<p data-start=\"4017\" data-end=\"4200\">M\u00edg a rozsdamentes ac\u00e9l nagyon ellen\u00e1ll a s\u00e9r\u00fcl\u00e9seknek, id\u0151nk\u00e9nt foltok vagy karcol\u00e1sok el\u0151fordulhatnak. Ezen probl\u00e9m\u00e1k megold\u00e1s\u00e1nak ismerete biztos\u00edtja, hogy a mennyezet meg\u0151rizze hib\u00e1tlan megjelen\u00e9s\u00e9t.<\/p>\n<p data-start=\"4017\" data-end=\"4200\">\n<ul data-start=\"4202\" data-end=\"4641\">\n<li data-start=\"4202\" data-end=\"4358\"><strong data-start=\"4204\" data-end=\"4224\">Foltok elt\u00e1vol\u00edt\u00e1sa:<\/strong> Az enyhe foltokat nedves ruh\u00e1val t\u00f6r\u00f6lheti le, m\u00edg a kem\u00e9nyebb foltokhoz rozsdamentes ac\u00e9l f\u00e9nyez\u00e9sre vagy sz\u00f3dabikarb\u00f3na paszt\u00e1ra lehet sz\u00fcks\u00e9g.<\/li>\n<li data-start=\"4359\" data-end=\"4486\"><strong data-start=\"4361\" data-end=\"4386\">A karcok minimaliz\u00e1l\u00e1sa:<\/strong> A finom karcol\u00e1sokat gyakran egy nem koptat\u00f3 p\u00e1rn\u00e1val lehet kisim\u00edtani, k\u00f6vetve az ac\u00e9l szemcs\u00e9it.<\/li>\n<li data-start=\"4487\" data-end=\"4641\"><strong data-start=\"4489\" data-end=\"4513\">Megel\u0151z\u0151 int\u00e9zked\u00e9sek:<\/strong> A megfelel\u0151 szell\u0151ztet\u00e9ssel minim\u00e1lisra cs\u00f6kkenthet\u0151 a zs\u00edrnak \u00e9s nedvess\u00e9gnek val\u00f3 kitetts\u00e9g, ami id\u0151vel makacs foltokhoz vezethet.<\/li>\n<\/ul>\n<h5 data-start=\"4643\" data-end=\"4693\"><\/h5>\n<h3 data-start=\"4643\" data-end=\"4693\"><strong data-start=\"4649\" data-end=\"4691\">Hossz\u00fa t\u00e1v\u00fa \u00e1pol\u00e1si \u00e9s karbantart\u00e1si tippek<\/strong><\/h3>\n<p>&nbsp;<\/p>\n<p data-start=\"4694\" data-end=\"4813\">A rozsdamentes ac\u00e9l mennyezet \u00e9lettartam\u00e1nak maximaliz\u00e1l\u00e1sa \u00e9rdek\u00e9ben elengedhetetlen egy proakt\u00edv karbantart\u00e1si strat\u00e9gia v\u00e9grehajt\u00e1sa.<\/p>\n<p data-start=\"4694\" data-end=\"4813\">\n<ul data-start=\"4815\" data-end=\"5239\">\n<li data-start=\"4815\" data-end=\"4937\"><strong data-start=\"4817\" data-end=\"4841\">Rendszeres ellen\u0151rz\u00e9sek:<\/strong> A meglazult panelek, foltok vagy kisebb s\u00e9r\u00fcl\u00e9sek ellen\u0151rz\u00e9se megakad\u00e1lyozhatja a k\u00f6lts\u00e9ges jav\u00edt\u00e1sokat a j\u00f6v\u0151ben.<\/li>\n<li data-start=\"4938\" data-end=\"5063\"><strong data-start=\"4940\" data-end=\"4963\">Megfelel\u0151 szell\u0151z\u00e9s:<\/strong> A megfelel\u0151 l\u00e9g\u00e1raml\u00e1s biztos\u00edt\u00e1sa cs\u00f6kkenti a p\u00e1ralecsap\u00f3d\u00e1st, k\u00fcl\u00f6n\u00f6sen nedves k\u00f6rnyezetben.<\/li>\n<li data-start=\"5064\" data-end=\"5239\"><strong data-start=\"5066\" data-end=\"5095\">Szakszer\u0171 karbantart\u00e1s:<\/strong> A nagym\u00e9ret\u0171 kereskedelmi \u00e9p\u00fcletekben az id\u0151szakos professzion\u00e1lis tiszt\u00edt\u00e1s n\u00f6velheti a mennyezet \u00e9lettartam\u00e1t \u00e9s meg\u0151rizheti eredeti megjelen\u00e9s\u00e9t.<\/li>\n<\/ul>\n<h4 data-start=\"5248\" data-end=\"5330\"><\/h4>\n<h2 data-start=\"5248\" data-end=\"5330\"><strong data-start=\"5253\" data-end=\"5328\">A rozsdamentes ac\u00e9l f\u00e9m mennyezetek \u00f6sszehasonl\u00edt\u00e1sa m\u00e1s mennyezeti anyagokkal<\/strong><\/h2>\n<p>&nbsp;<\/p>\n<h3 data-start=\"5332\" data-end=\"5371\"><strong data-start=\"5338\" data-end=\"5369\">Az alum\u00ednium mennyezetekkel szemben<\/strong><\/h3>\n<p>&nbsp;<\/p>\n<p data-start=\"5372\" data-end=\"5520\">B\u00e1r mind a rozsdamentes ac\u00e9l, mind az alum\u00ednium n\u00e9pszer\u0171 f\u00e9m mennyezeti anyagok, l\u00e9nyeges k\u00fcl\u00f6nbs\u00e9gek vannak a tart\u00f3ss\u00e1g \u00e9s a karbantart\u00e1si k\u00f6vetelm\u00e9nyek tekintet\u00e9ben.<\/p>\n<p data-start=\"5372\" data-end=\"5520\">\n<ul data-start=\"5522\" data-end=\"5983\">\n<li data-start=\"5522\" data-end=\"5635\"><strong data-start=\"5524\" data-end=\"5539\">Tart\u00f3ss\u00e1g:<\/strong> A rozsdamentes ac\u00e9l kem\u00e9nyebb \u00e9s ellen\u00e1ll\u00f3bb a horpad\u00e1sokkal \u00e9s \u00fct\u00e9sekkel szemben, mint az alum\u00ednium.<\/li>\n<li data-start=\"5636\" data-end=\"5804\"><strong data-start=\"5638\" data-end=\"5663\">Korr\u00f3zi\u00f3\u00e1ll\u00f3s\u00e1g:<\/strong> B\u00e1r az alum\u00edniumnak j\u00f3 a korr\u00f3zi\u00f3\u00e1ll\u00f3s\u00e1ga, a rozsdamentes ac\u00e9l jobban teljes\u00edt olyan k\u00f6rnyezetben, ahol magas a nedvess\u00e9g \u00e9s a vegyi anyagok kitetts\u00e9ge.<\/li>\n<li data-start=\"5805\" data-end=\"5983\"><strong data-start=\"5807\" data-end=\"5831\">K\u00f6lts\u00e9gmegfontol\u00e1sok:<\/strong> Az alum\u00ednium \u00e1ltal\u00e1ban el\u0151re megfizethet\u0151bb, de a rozsdamentes ac\u00e9l tart\u00f3ss\u00e1ga \u00e9s alacsonyabb karbantart\u00e1si k\u00f6lts\u00e9gei miatt jobb hossz\u00fa t\u00e1v\u00fa \u00e9rt\u00e9ket biztos\u00edt.<\/li>\n<\/ul>\n<h5 data-start=\"5985\" data-end=\"6058\"><\/h5>\n<h3 data-start=\"5985\" data-end=\"6058\"><strong data-start=\"5991\" data-end=\"6056\">A hagyom\u00e1nyos mennyezeti anyagokkal szemben (gipsz, fa stb.)<\/strong><\/h3>\n<p>&nbsp;<\/p>\n<p data-start=\"6059\" data-end=\"6151\">A hagyom\u00e1nyos mennyezeti anyagokhoz k\u00e9pest a rozsdamentes ac\u00e9l jelent\u0151s el\u0151ny\u00f6ket k\u00edn\u00e1l.<\/p>\n<p data-start=\"6059\" data-end=\"6151\">\n<ul data-start=\"6153\" data-end=\"6661\">\n<li data-start=\"6153\" data-end=\"6300\"><strong data-start=\"6155\" data-end=\"6188\">T\u0171z- \u00e9s nedvess\u00e9g\u00e1ll\u00f3s\u00e1g:<\/strong> Ellent\u00e9tben a f\u00e1val, amely \u00e9rz\u00e9keny a t\u0171z- \u00e9s v\u00edzk\u00e1rosod\u00e1sra, a rozsdamentes ac\u00e9l t\u0171z- \u00e9s v\u00edz\u00e1ll\u00f3 is.<\/li>\n<li data-start=\"6301\" data-end=\"6468\"><strong data-start=\"6303\" data-end=\"6332\">Karbantart\u00e1si k\u00f6vetelm\u00e9nyek:<\/strong> A hagyom\u00e1nyos anyagok, p\u00e9ld\u00e1ul a vakolat gyakori \u00e1tfest\u00e9st \u00e9s jav\u00edt\u00e1st ig\u00e9nyelnek, m\u00edg a rozsdamentes ac\u00e9l s\u00e9rtetlen marad minim\u00e1lis karbantart\u00e1s mellett.<\/li>\n<li data-start=\"6469\" data-end=\"6661\"><strong data-start=\"6471\" data-end=\"6496\">Hossz\u00fa t\u00e1v\u00fa befektet\u00e9s:<\/strong> M\u00edg a kezdeti telep\u00edt\u00e9si k\u00f6lts\u00e9gek magasabbak lehetnek, a rozsdamentes ac\u00e9l mennyezetek hosszabb \u00e9lettartama \u00e9s tart\u00f3ss\u00e1ga id\u0151vel k\u00f6lts\u00e9ghat\u00e9konyabb v\u00e1laszt\u00e1ss\u00e1 teszi \u0151ket.<\/li>\n<\/ul>\n<p><img decoding=\"async\" class=\"wp-image-2368 size-full aligncenter\" src=\"https:\/\/www.pvdstainlesssteel.com\/wp-content\/uploads\/2025\/03\/Stainless-Steel-Coffered-Ceiling-4.jpg\" alt=\"Rozsdamentes ac\u00e9l kazett\u00e1s mennyezet (4)\" width=\"960\" height=\"407\" srcset=\"https:\/\/www.pvdstainlesssteel.com\/wp-content\/uploads\/2025\/03\/Stainless-Steel-Coffered-Ceiling-4.jpg 960w, https:\/\/www.pvdstainlesssteel.com\/wp-content\/uploads\/2025\/03\/Stainless-Steel-Coffered-Ceiling-4-300x127.jpg 300w, https:\/\/www.pvdstainlesssteel.com\/wp-content\/uploads\/2025\/03\/Stainless-Steel-Coffered-Ceiling-4-768x326.jpg 768w, https:\/\/www.pvdstainlesssteel.com\/wp-content\/uploads\/2025\/03\/Stainless-Steel-Coffered-Ceiling-4-18x8.jpg 18w\" sizes=\"(max-width: 960px) 100vw, 960px\" \/><\/p>\n<h4 data-start=\"6670\" data-end=\"6694\"><\/h4>\n<h2 data-start=\"6670\" data-end=\"6694\"><strong data-start=\"6675\" data-end=\"6692\">K\u00f6vetkeztet\u00e9s<\/strong><\/h2>\n<p>&nbsp;<\/p>\n<p data-start=\"6695\" data-end=\"7025\">A rozsdamentes f\u00e9m mennyezetek a tart\u00f3ss\u00e1g, a k\u00f6rnyezeti t\u00e9nyez\u0151kkel szembeni ellen\u00e1ll\u00e1s \u00e9s a k\u00f6nny\u0171 karbantart\u00e1s kombin\u00e1ci\u00f3j\u00e1t k\u00edn\u00e1lj\u00e1k, \u00edgy kiv\u00e1l\u00f3 v\u00e1laszt\u00e1s a modern \u00e9p\u00edt\u00e9szet sz\u00e1m\u00e1ra. Hossz\u00fa \u00e9lettartamuk, t\u0171z\u00e1ll\u00f3s\u00e1guk \u00e9s \u00fajrahasznos\u00edthat\u00f3s\u00e1guk hozz\u00e1j\u00e1rul mind a lakoss\u00e1gi, mind a kereskedelmi alkalmaz\u00e1sokban val\u00f3 n\u00f6vekv\u0151 n\u00e9pszer\u0171s\u00e9g\u00fckh\u00f6z.<\/p>\n<p data-start=\"6695\" data-end=\"7025\">\n<p data-start=\"7027\" data-end=\"7368\" data-is-last-node=\"\" data-is-only-node=\"\">Egyszer\u0171 rutintiszt\u00edt\u00e1ssal \u00e9s rendszeres karbantart\u00e1ssal a rozsdamentes ac\u00e9l mennyezet \u00e9vtizedekig meg\u0151rizheti eleg\u00e1ns megjelen\u00e9s\u00e9t \u00e9s szerkezeti integrit\u00e1s\u00e1t. Ak\u00e1r kereskedelmi ter\u00fcletet, ipari l\u00e9tes\u00edtm\u00e9nyt vagy modern otthont tervez, a rozsdamentes f\u00e9m mennyezetekbe val\u00f3 befektet\u00e9s olyan d\u00f6nt\u00e9s, amely hossz\u00fa t\u00e1v\u00fa el\u0151ny\u00f6ket garant\u00e1l.<\/p>\n<p data-start=\"7027\" data-end=\"7368\" data-is-last-node=\"\" data-is-only-node=\"\">\n<h4>l\u00e9pjen kapcsolatba vel\u00fcnk<\/h4>\n<p>&nbsp;<\/p>\n<p>Megl\u00e1togathatja n\u00e1lunk\u00a0<a href=\"https:\/\/www.pvdstainlesssteel.com\/hu\/\">weboldal<\/a>\u00a0Tov\u00e1bbi inform\u00e1ci\u00f3k\u00e9rt vagy Facebook-oldalunkon a legfrissebb h\u00edrek\u00e9rt \u00e9s a projekt legfontosabb esem\u00e9nyei\u00e9rt. Ha b\u00e1rmilyen k\u00e9rd\u00e9se vagy egy\u00fcttm\u0171k\u00f6d\u00e9si k\u00e9rd\u00e9se van, forduljon hozz\u00e1nk bizalommal, \u00e9s sz\u00edvesen seg\u00edt\u00fcnk!<\/p>","protected":false},"excerpt":{"rendered":"<p>Stainless Steel Metal Ceilings \u00a0 Stainless steel ceilings have become increasingly popular in residential and commercial spaces due to their modern aesthetic, superior durability, and minimal maintenance requirements. These ceilings offer unmatched strength and resilience, whether used in office buildings, kitchens, hospitals, or industrial spaces. This article explores the durability of stainless steel metal ceilings, [\u2026]<\/p>","protected":false},"author":1,"featured_media":818,"comment_status":"open","ping_status":"closed","sticky":false,"template":"","format":"standard","meta":{"rank_math_lock_modified_date":false},"categories":[1,83],"tags":[],"class_list":["post-2466","post","type-post","status-publish","format-standard","has-post-thumbnail","hentry","category-blog","category-news"],"acf":[],"_links":{"self":[{"href":"https:\/\/www.pvdstainlesssteel.com\/hu\/wp-json\/wp\/v2\/posts\/2466","targetHints":{"allow":["GET"]}}],"collection":[{"href":"https:\/\/www.pvdstainlesssteel.com\/hu\/wp-json\/wp\/v2\/posts"}],"about":[{"href":"https:\/\/www.pvdstainlesssteel.com\/hu\/wp-json\/wp\/v2\/types\/post"}],"author":[{"embeddable":true,"href":"https:\/\/www.pvdstainlesssteel.com\/hu\/wp-json\/wp\/v2\/users\/1"}],"replies":[{"embeddable":true,"href":"https:\/\/www.pvdstainlesssteel.com\/hu\/wp-json\/wp\/v2\/comments?post=2466"}],"version-history":[{"count":0,"href":"https:\/\/www.pvdstainlesssteel.com\/hu\/wp-json\/wp\/v2\/posts\/2466\/revisions"}],"wp:featuredmedia":[{"embeddable":true,"href":"https:\/\/www.pvdstainlesssteel.com\/hu\/wp-json\/wp\/v2\/media\/818"}],"wp:attachment":[{"href":"https:\/\/www.pvdstainlesssteel.com\/hu\/wp-json\/wp\/v2\/media?parent=2466"}],"wp:term":[{"taxonomy":"category","embeddable":true,"href":"https:\/\/www.pvdstainlesssteel.com\/hu\/wp-json\/wp\/v2\/categories?post=2466"},{"taxonomy":"post_tag","embeddable":true,"href":"https:\/\/www.pvdstainlesssteel.com\/hu\/wp-json\/wp\/v2\/tags?post=2466"}],"curies":[{"name":"wp","href":"https:\/\/api.w.org\/{rel}","templated":true}]}}